{"id":325,"count":1,"description":"","link":"https:\/\/visitek.ee\/lv\/category\/regionala-attistiba\/","name":"Re\u0123ion\u0101l\u0101 att\u012bst\u012bba","slug":"regionala-attistiba","taxonomy":"category","parent":0,"meta":[],"_links":{"self":[{"href":"https:\/\/visitek.ee\/lv\/wp-json\/wp\/v2\/categories\/325","targetHints":{"allow":["GET"]}}],"collection":[{"href":"https:\/\/visitek.ee\/lv\/wp-json\/wp\/v2\/categories"}],"about":[{"href":"https:\/\/visitek.ee\/lv\/wp-json\/wp\/v2\/taxonomies\/category"}],"wp:post_type":[{"href":"https:\/\/visitek.ee\/lv\/wp-json\/wp\/v2\/posts?categories=325"}],"curies":[{"name":"wp","href":"https:\/\/api.w.org\/{rel}","templated":true}]}}